{"id":1000,"date":"2024-06-19T10:37:47","date_gmt":"2024-06-19T08:37:47","guid":{"rendered":"https:\/\/hasici.ledecns.cz\/?p=1000"},"modified":"2024-06-19T10:37:47","modified_gmt":"2024-06-19T08:37:47","slug":"podekovani-za-fontanu-clanek-na-webu-sdruzeni-hasicu-cech-moravy-a-slezska","status":"publish","type":"post","link":"https:\/\/hasici.ledecns.cz\/?p=1000","title":{"rendered":"Pod\u011bkov\u00e1n\u00ed za font\u00e1nu &#8211; \u010dl\u00e1nek na webu Sdru\u017een\u00ed hasi\u010d\u016f \u010cech, Moravy a Slezska"},"content":{"rendered":"<p>Dne 12.6.2024 prob\u011bhlo v restauraci U \u0158eky v Led\u010di nad S\u00e1zavou pod\u011bkov\u00e1n\u00ed z\u00e1stupc\u016fm hasi\u010dsk\u00fdch sbor\u016f mikroregionu Lede\u010dska za font\u00e1nu, o kter\u00e9 pojednal p\u0159ede\u0161l\u00fd \u010dl\u00e1nek na <a href=\"https:\/\/hasici.ledecns.cz\/?p=941\">https:\/\/hasici.ledecns.cz\/?p=941<\/a>.<\/p>\n<p>Nyn\u00ed sd\u00edl\u00edme \u010dl\u00e1nek jednatele okrsku \u010d. 18 OSH Havl\u00ed\u010dk\u016fv Brod Pavla Tvrd\u00edka na webu SH \u010cMS:\u00a0 <a href=\"https:\/\/www.dh.cz\/index.php\/aktuality\/2487-oslavy-160-roku-hasicstva-v-cr-v-mikroregionu-ledecsko\">https:\/\/www.dh.cz\/index.php\/aktuality\/2487-oslavy-160-roku-hasicstva-v-cr-v-mikroregionu-ledecsko<\/a><\/p>\n<p>Z \u010dl\u00e1nku citujeme:<\/p>\n<p><em>U p\u0159\u00edle\u017eitosti oslav v\u00fdro\u010d\u00ed zalo\u017een\u00ed prvn\u00edho sboru hasi\u010d\u016f se rozhodl <strong>mikroregion Lede\u010dsko<\/strong> spolu s dobrovoln\u00fdmi hasi\u010di uspo\u0159\u00e1dat<strong> Hasi\u010dskou Font\u00e1nu<\/strong>. \u00da\u010dastn\u00edky byli jednotky z mikroregionu, ale tak\u00e9 jednotky vzd\u00e1len\u011bj\u0161\u00ed \u2013 z okresu Havl\u00ed\u010dk\u016fv Brod a Kraje Vyso\u010dina.<\/em><\/p>\n<p><em>Pod\u011bkov\u00e1n\u00ed, kter\u00e9 prob\u011bhlo minul\u00fd t\u00fdden se neslo v p\u0159\u00e1telsk\u00e9 atmosf\u00e9\u0159e a bylo spojen\u00e9 se vzpom\u00ednkami na minulost hlavn\u011b ze strany star\u0161\u00edch hasi\u010d\u016f. Velice zaj\u00edmav\u00e9 bylo vypr\u00e1v\u011bn\u00ed jak vlastn\u011b z\u00edsk\u00e1valy sbory d\u0159\u00edve techniku a dal\u0161\u00ed vzpom\u00ednky na d\u00e1vnou minulost.<\/em><\/p>\n<p><em>Za p\u0159\u00edtomnosti<strong> starosty OSH Havl\u00ed\u010dk\u016fv Brod pana Josefa Stejskala<\/strong> jeho n\u00e1m\u011bstk\u016f a <strong>starostky m\u011bsta Lede\u010d nad S\u00e1zavou pan\u00ed Ing. Hany Hor\u00e1kov\u00e9<\/strong>, byly ud\u011bleny pam\u011btn\u00ed listy v\u0161em sbor\u016fm, kter\u00e9 p\u0159i akci pom\u00e1haly. Medaile ke 160. v\u00fdro\u010d\u00ed dobrovoln\u00fdch hasi\u010d\u016f v \u010cR byly ud\u011bleny hlavn\u00edm organiz\u00e1tor\u016fm t\u00e9to ojedin\u011bl\u00e9 ud\u00e1losti.<\/em><\/p>\n<p><em>V\u0161em pat\u0159\u00ed obrovsk\u00fd d\u00edk za odvedenou pr\u00e1ci.<\/em><\/p>\n<p><a href=\"https:\/\/www.youtube.com\/watch?v=9VQR5hdbQvs&amp;t=1s\" target=\"_blank\" rel=\"noopener\"><em>SEST\u0158IH Z AKCE<\/em><\/a><\/p>\n<p><img loading=\"lazy\" decoding=\"async\" class=\"alignnone size-medium wp-image-1001\" src=\"https:\/\/hasici.ledecns.cz\/wp-content\/uploads\/2024\/06\/osh_haavl_brod_160_2_1044x588-equal-300x169.jpg\" alt=\"\" width=\"300\" height=\"169\" srcset=\"https:\/\/hasici.ledecns.cz\/wp-content\/uploads\/2024\/06\/osh_haavl_brod_160_2_1044x588-equal-300x169.jpg 300w, https:\/\/hasici.ledecns.cz\/wp-content\/uploads\/2024\/06\/osh_haavl_brod_160_2_1044x588-equal-1024x577.jpg 1024w, https:\/\/hasici.ledecns.cz\/wp-content\/uploads\/2024\/06\/osh_haavl_brod_160_2_1044x588-equal-768x433.jpg 768w, https:\/\/hasici.ledecns.cz\/wp-content\/uploads\/2024\/06\/osh_haavl_brod_160_2_1044x588-equal.jpg 1043w\" sizes=\"auto, (max-width: 300px) 100vw, 300px\" \/><\/p>\n<p>&nbsp;<\/p>\n","protected":false},"excerpt":{"rendered":"<p>Dne 12.6.2024 prob\u011bhlo v restauraci U \u0158eky v Led\u010di nad S\u00e1zavou pod\u011bkov\u00e1n\u00ed z\u00e1stupc\u016fm hasi\u010dsk\u00fdch sbor\u016f mikroregionu Lede\u010dska za font\u00e1nu, o kter\u00e9 pojednal p\u0159ede\u0161l\u00fd \u010dl\u00e1nek na https:\/\/hasici.ledecns.cz\/?p=941. Nyn\u00ed sd\u00edl\u00edme \u010dl\u00e1nek jednatele okrsku \u010d. 18 OSH Havl\u00ed\u010dk\u016fv Brod Pavla Tvrd\u00edka na webu&hellip; <br \/><a class=\"read-more-button\" href=\"https:\/\/hasici.ledecns.cz\/?p=1000\">\u010c\u00edst v\u00edce<\/a><\/p>\n","protected":false},"author":4,"featured_media":1001,"comment_status":"closed","ping_status":"open","sticky":false,"template":"","format":"standard","meta":{"footnotes":""},"categories":[1],"tags":[],"class_list":["post-1000","post","type-post","status-publish","format-standard","has-post-thumbnail","hentry","category-nezarazene"],"_links":{"self":[{"href":"https:\/\/hasici.ledecns.cz\/index.php?rest_route=\/wp\/v2\/posts\/1000","targetHints":{"allow":["GET"]}}],"collection":[{"href":"https:\/\/hasici.ledecns.cz\/index.php?rest_route=\/wp\/v2\/posts"}],"about":[{"href":"https:\/\/hasici.ledecns.cz\/index.php?rest_route=\/wp\/v2\/types\/post"}],"author":[{"embeddable":true,"href":"https:\/\/hasici.ledecns.cz\/index.php?rest_route=\/wp\/v2\/users\/4"}],"replies":[{"embeddable":true,"href":"https:\/\/hasici.ledecns.cz\/index.php?rest_route=%2Fwp%2Fv2%2Fcomments&post=1000"}],"version-history":[{"count":1,"href":"https:\/\/hasici.ledecns.cz\/index.php?rest_route=\/wp\/v2\/posts\/1000\/revisions"}],"predecessor-version":[{"id":1002,"href":"https:\/\/hasici.ledecns.cz\/index.php?rest_route=\/wp\/v2\/posts\/1000\/revisions\/1002"}],"wp:featuredmedia":[{"embeddable":true,"href":"https:\/\/hasici.ledecns.cz\/index.php?rest_route=\/wp\/v2\/media\/1001"}],"wp:attachment":[{"href":"https:\/\/hasici.ledecns.cz\/index.php?rest_route=%2Fwp%2Fv2%2Fmedia&parent=1000"}],"wp:term":[{"taxonomy":"category","embeddable":true,"href":"https:\/\/hasici.ledecns.cz\/index.php?rest_route=%2Fwp%2Fv2%2Fcategories&post=1000"},{"taxonomy":"post_tag","embeddable":true,"href":"https:\/\/hasici.ledecns.cz\/index.php?rest_route=%2Fwp%2Fv2%2Ftags&post=1000"}],"curies":[{"name":"wp","href":"https:\/\/api.w.org\/{rel}","templated":true}]}}